{"id":3636,"date":"2020-05-09T07:54:33","date_gmt":"2020-05-09T12:54:33","guid":{"rendered":"https:\/\/betaniaconic.com\/?p=3636"},"modified":"2020-05-09T07:54:33","modified_gmt":"2020-05-09T12:54:33","slug":"el-hombre-que-no-podia-hablar","status":"publish","type":"post","link":"https:\/\/conican.com\/contenido\/2020\/05\/09\/el-hombre-que-no-podia-hablar\/","title":{"rendered":"El hombre que no pod\u00eda hablar"},"content":{"rendered":"\n<p>La Biblia en un a\u00f1o:<\/p>\n\n\n\n<ul class=\"wp-block-list\"><li><a href=\"https:\/\/www.biblegateway.com\/passage\/?version=RVR1960&amp;search=2+Reyes+4%E2%80%936\" target=\"_blank\" rel=\"noreferrer noopener\">2 Reyes 4\u20136<\/a><\/li><li><a href=\"https:\/\/www.biblegateway.com\/passage\/?version=RVR1960&amp;search=+Lucas+24%3A36-53\" target=\"_blank\" rel=\"noreferrer noopener\">Lucas 24:36-53<\/a><\/li><\/ul>\n\n\n\n<blockquote class=\"wp-block-quote is-style-large is-layout-flow wp-block-quote-is-layout-flow\"><p>\u2026 grande es el Se\u00f1or, y digno de suprema alabanza\u2026 (v. 4).<\/p><cite><br> <strong>La escritura de hoy:<\/strong><a rel=\"noreferrer noopener\" href=\"https:\/\/www.biblegateway.com\/passage\/?version=RVR1960&amp;search=Salmo+96\" target=\"_blank\">Salmo 96<\/a> <\/cite><\/blockquote>\n\n\n\n<p>Sentado en su silla de ruedas en un hogar de ancianos&nbsp;en&nbsp;Belice, un hombre escuchaba alegremente a un grupo&nbsp;de&nbsp;estudiantes de escuela secundaria que cantaban acerca de&nbsp;Jes\u00fas. M\u00e1s tarde, cuando los j\u00f3venes intentaron comunicarse con \u00e9l, descubrieron que no pod\u00eda hablar. Un accidente cerebrovascular le hab\u00eda quitado esa capacidad.<\/p>\n\n\n\n<p>Como no pod\u00edan mantener una conversaci\u00f3n con \u00e9l, decidieron cantarle. Cuando empezaron, sucedi\u00f3 algo asombroso: el hombre que no pod\u00eda hablar empez\u00f3 a cantar. Con entusiasmo, cant\u00f3 a viva voz junto con sus nuevos amigos&nbsp;<em>Cu\u00e1n grande de \u00c9l<\/em>.<\/p>\n\n\n\n<p>Fue un momento maravilloso para todos. El amor a Dios de este hombre rompi\u00f3 las barreras y brot\u00f3 en una adoraci\u00f3n audible; de coraz\u00f3n y gozosa.<\/p>\n\n\n\n<p>Todos enfrentamos de vez en cuando barreras para adorar. Quiz\u00e1 conflictos con personas o problemas de dinero. O tal vez un&nbsp;coraz\u00f3n que se est\u00e1 enfriando un poco en su relaci\u00f3n con Dios.<\/p>\n\n\n\n<p>Aquel hombre impedido de hablar nos recuerda que la grandeza y la majestad de nuestro Dios todopoderoso pueden superar cualquier barrera. \u00abSe\u00f1or, mi Dios, al contemplar los cielos; el firmamento y las estrellas mil\u00bb.<\/p>\n\n\n\n<p>\u00bfTienes problemas para adorar? Lee pasajes como el Salmo&nbsp;96&nbsp;y reflexiona en la grandeza de Dios, y tal vez puedas t\u00fa tambi\u00e9n reemplazar tus obst\u00e1culos y objeciones por alabanza.<\/p>\n\n\n\n<p>De:\u00a0<strong>\u00a0Administrador del sitio<\/strong><br>Fuente: <strong>Nuestro Pan Diario<\/strong><\/p>\n\n\n\n<p><\/p>\n\n\n\n<h3 class=\"has-text-align-center wp-block-heading\">Reflexiona y ora<\/h3>\n\n\n\n<p class=\"has-text-color has-background has-text-align-center has-medium-font-size has-very-light-gray-color has-vivid-cyan-blue-background-color\">\u00a1Oh, Dios, cu\u00e1n grande eres!\u00bfQu\u00e9 barreras te impiden a veces adorar? \u00bfC\u00f3mo puedes pasar del silencio a la alabanza?\n\n<\/p>\n","protected":false},"excerpt":{"rendered":"<p>Sentado en su silla de ruedas en un hogar de ancianos en Belice, un hombre escuchaba alegremente a un grupo de estudiantes de escuela secundaria que cantaban acerca de Jes\u00fas.<\/p>\n","protected":false},"author":1,"featured_media":3637,"comment_status":"open","ping_status":"open","sticky":false,"template":"","format":"standard","meta":{"_et_pb_use_builder":"off","_et_pb_old_content":"","_et_gb_content_width":"","footnotes":""},"categories":[1],"tags":[123,190],"class_list":["post-3636","post","type-post","status-publish","format-standard","has-post-thumbnail","hentry","category-uncategorized","tag-nuestro-pan-diario","tag-salmo-96"],"_links":{"self":[{"href":"https:\/\/conican.com\/contenido\/wp-json\/wp\/v2\/posts\/3636","targetHints":{"allow":["GET"]}}],"collection":[{"href":"https:\/\/conican.com\/contenido\/wp-json\/wp\/v2\/posts"}],"about":[{"href":"https:\/\/conican.com\/contenido\/wp-json\/wp\/v2\/types\/post"}],"author":[{"embeddable":true,"href":"https:\/\/conican.com\/contenido\/wp-json\/wp\/v2\/users\/1"}],"replies":[{"embeddable":true,"href":"https:\/\/conican.com\/contenido\/wp-json\/wp\/v2\/comments?post=3636"}],"version-history":[{"count":0,"href":"https:\/\/conican.com\/contenido\/wp-json\/wp\/v2\/posts\/3636\/revisions"}],"wp:featuredmedia":[{"embeddable":true,"href":"https:\/\/conican.com\/contenido\/wp-json\/wp\/v2\/media\/3637"}],"wp:attachment":[{"href":"https:\/\/conican.com\/contenido\/wp-json\/wp\/v2\/media?parent=3636"}],"wp:term":[{"taxonomy":"category","embeddable":true,"href":"https:\/\/conican.com\/contenido\/wp-json\/wp\/v2\/categories?post=3636"},{"taxonomy":"post_tag","embeddable":true,"href":"https:\/\/conican.com\/contenido\/wp-json\/wp\/v2\/tags?post=3636"}],"curies":[{"name":"wp","href":"https:\/\/api.w.org\/{rel}","templated":true}]}}