{"id":3669,"date":"2020-05-11T09:16:06","date_gmt":"2020-05-11T14:16:06","guid":{"rendered":"https:\/\/betaniaconic.com\/?p=3669"},"modified":"2020-05-11T09:16:06","modified_gmt":"2020-05-11T14:16:06","slug":"aprender-de-los-ninos","status":"publish","type":"post","link":"https:\/\/conican.com\/contenido\/2020\/05\/11\/aprender-de-los-ninos\/","title":{"rendered":"Aprender de los ni\u00f1os"},"content":{"rendered":"\n<p>La Biblia en un a\u00f1o:<\/p>\n\n\n\n<ul class=\"wp-block-list\"><li><a href=\"https:\/\/www.biblegateway.com\/passage\/?version=RVR1960&amp;search=2+Reyes+13%E2%80%9314\" target=\"_blank\" rel=\"noreferrer noopener\">2 Reyes 13\u201314<\/a><\/li><li><a href=\"https:\/\/www.biblegateway.com\/passage\/?version=RVR1960&amp;search=+Juan+2\" target=\"_blank\" rel=\"noreferrer noopener\">Juan 2<\/a><\/li><\/ul>\n\n\n\n<blockquote class=\"wp-block-quote is-style-large is-layout-flow wp-block-quote-is-layout-flow\"><p>\u2026 De la boca de los ni\u00f1os y de los que maman perfeccionaste la alabanza\u2026 (v. 16).<\/p><cite><br> <strong>La escritura de hoy:<\/strong><a rel=\"noreferrer noopener\" href=\"https:\/\/www.biblegateway.com\/passage\/?version=RVR1960&amp;search=Mateo+21%3A8-17\" target=\"_blank\">  <\/a><a rel=\"noreferrer noopener\" href=\"https:\/\/www.biblegateway.com\/passage\/?version=RVR1960&amp;search=Mateo+21%3A8-17\" target=\"_blank\">Mateo 21:8-17<\/a> <\/cite><\/blockquote>\n\n\n\n<p>Cuando recorr\u00edamos con un amigo los barrios marginales de Nairobi, Kenia, nos abati\u00f3 profundamente la pobreza que vimos. No obstante, en ese mismo entorno, diferentes emociones \u2014como aguas frescas\u2014 se nos despertaron al ver a ni\u00f1os corriendo y gritando:&nbsp;<em>\u00ab\u00a1Mchungaji, Mchungaji!\u00bb<\/em>&nbsp;(\u00abpastor\u00bb en suajili). Tal fue su reacci\u00f3n al ver a su l\u00edder espiritual en el veh\u00edculo con nosotros. As\u00ed recib\u00edan los peque\u00f1os a aquel que sab\u00edan que se interesaba por ellos y los cuidaba.<\/p>\n\n\n\n<p>Cuando Jes\u00fas lleg\u00f3 a Jerusal\u00e9n montado en un asno, ni\u00f1os alegres estaban entre los que celebraban diciendo: \u00ab\u00a1Hosanna&nbsp;al Hijo de David! \u00a1Bendito el que viene en el nombre del Se\u00f1or!\u00bb (Mateo 21:9). Pero esas alabanzas no eran los \u00fanicos sonidos en el aire. Adem\u00e1s del ruido de los mercaderes que fueron desalojados por Jes\u00fas (vv. 12-13), tambi\u00e9n se o\u00edan las voces de los l\u00edderes religiosos que, ante la bondad del Se\u00f1or, \u00abse indignaron\u00bb (vv. 14-15), y expresaron su desagrado ante las alabanzas de los ni\u00f1os (v. 16), exponiendo as\u00ed la pobreza de sus corazones.<\/p>\n\n\n\n<p>Podemos aprender de la fe de los ni\u00f1os de todas las edades y lugares que reconocen que Jes\u00fas es el Salvador del mundo. El Se\u00f1or es quien escucha nuestras alabanzas y clamores, y nos rescata cuando acudimos a \u00c9l con fe como la de un ni\u00f1o.<\/p>\n\n\n\n<p>De:\u00a0<strong>\u00a0Arthur Jackson<\/strong><br>Fuente: <strong>Nuestro Pan Diario<\/strong><\/p>\n\n\n\n<h3 class=\"has-text-align-center wp-block-heading\">Reflexiona y ora<\/h3>\n\n\n\n<p class=\"has-text-color has-background has-text-align-center has-medium-font-size has-very-light-gray-color has-vivid-cyan-blue-background-color\">Jes\u00fas, que te vea como lo que eres: mi Salvador y Se\u00f1or.\u00bfC\u00f3mo ha cambiado tu perspectiva de Dios con los a\u00f1os? \u00bfQu\u00e9 te impide verlo como el Hijo de Dios que vino a salvarte?\n\n<\/p>\n","protected":false},"excerpt":{"rendered":"<p>Cuando recorr\u00edamos con un amigo los barrios marginales de Nairobi, Kenia, nos abati\u00f3 profundamente la pobreza que vimos&#8230;<\/p>\n","protected":false},"author":1,"featured_media":3670,"comment_status":"open","ping_status":"open","sticky":false,"template":"","format":"standard","meta":{"_et_pb_use_builder":"off","_et_pb_old_content":"","_et_gb_content_width":"","footnotes":""},"categories":[1],"tags":[196,197],"class_list":["post-3669","post","type-post","status-publish","format-standard","has-post-thumbnail","hentry","category-uncategorized","tag-aprender-de-los-ninos","tag-ninos"],"_links":{"self":[{"href":"https:\/\/conican.com\/contenido\/wp-json\/wp\/v2\/posts\/3669","targetHints":{"allow":["GET"]}}],"collection":[{"href":"https:\/\/conican.com\/contenido\/wp-json\/wp\/v2\/posts"}],"about":[{"href":"https:\/\/conican.com\/contenido\/wp-json\/wp\/v2\/types\/post"}],"author":[{"embeddable":true,"href":"https:\/\/conican.com\/contenido\/wp-json\/wp\/v2\/users\/1"}],"replies":[{"embeddable":true,"href":"https:\/\/conican.com\/contenido\/wp-json\/wp\/v2\/comments?post=3669"}],"version-history":[{"count":0,"href":"https:\/\/conican.com\/contenido\/wp-json\/wp\/v2\/posts\/3669\/revisions"}],"wp:featuredmedia":[{"embeddable":true,"href":"https:\/\/conican.com\/contenido\/wp-json\/wp\/v2\/media\/3670"}],"wp:attachment":[{"href":"https:\/\/conican.com\/contenido\/wp-json\/wp\/v2\/media?parent=3669"}],"wp:term":[{"taxonomy":"category","embeddable":true,"href":"https:\/\/conican.com\/contenido\/wp-json\/wp\/v2\/categories?post=3669"},{"taxonomy":"post_tag","embeddable":true,"href":"https:\/\/conican.com\/contenido\/wp-json\/wp\/v2\/tags?post=3669"}],"curies":[{"name":"wp","href":"https:\/\/api.w.org\/{rel}","templated":true}]}}