{"id":3758,"date":"2020-07-28T12:52:00","date_gmt":"2020-07-28T17:52:00","guid":{"rendered":"https:\/\/betaniaconic.com\/?p=3758"},"modified":"2020-07-28T12:52:00","modified_gmt":"2020-07-28T17:52:00","slug":"confiar-en-dios-en-la-tristeza","status":"publish","type":"post","link":"https:\/\/conican.com\/contenido\/2020\/07\/28\/confiar-en-dios-en-la-tristeza\/","title":{"rendered":"Confiar en Dios en la tristeza"},"content":{"rendered":"\n<p>La Biblia en un a\u00f1o:<\/p>\n\n\n\n<ul class=\"wp-block-list\"><li><a rel=\"noreferrer noopener\" href=\"https:\/\/www.biblegateway.com\/passage\/?version=RVR1960&amp;search=Salmos+46%E2%80%9348\" target=\"_blank\">Salmos 46\u201348<\/a><\/li><li><a rel=\"noreferrer noopener\" href=\"https:\/\/www.biblegateway.com\/passage\/?version=RVR1960&amp;search=+Hechos+28\" target=\"_blank\">Hechos 28<\/a><\/li><\/ul>\n\n\n\n<p><\/p>\n\n\n\n<blockquote class=\"wp-block-quote is-style-large is-layout-flow wp-block-quote-is-layout-flow\"><p>\u2026 yo s\u00e9 a qui\u00e9n he cre\u00eddo\u2026 (v. 12).<\/p><p><\/p><cite> <strong>La escritura de hoy:<\/strong><a rel=\"noreferrer noopener\" href=\"https:\/\/www.biblegateway.com\/passage\/?version=RVR1960&amp;search=2+Timoteo+1%3A6-12\" target=\"_blank\">  <\/a><a rel=\"noreferrer noopener\" href=\"https:\/\/www.biblegateway.com\/passage\/?version=RVR1960&amp;search=2+Timoteo+1%3A6-12\" target=\"_blank\">2 Timoteo 1:6-12<\/a> <\/cite><\/blockquote>\n\n\n\n<p><strong>C<\/strong><strong>uando un&nbsp;<\/strong>hombre conocido como \u00abPap\u00e1 Juan\u00bb supo que ten\u00eda un c\u00e1ncer terminal, \u00e9l y su esposa Carolina sintieron que Dios los llamaba a compartir en l\u00ednea el curso de su enfermedad. Convencidos de que \u00c9l obrar\u00eda a trav\u00e9s de su vulnerabilidad, publicaron sus momentos de alegr\u00eda y tristeza durante dos a\u00f1os.<\/p>\n\n\n\n<p>Cuando Carolina escribi\u00f3 que su esposo \u00abhab\u00eda ido a los brazos extendidos de Jes\u00fas\u00bb, cientos de personas respondieron, agradeci\u00e9ndole su sinceridad. Una persona se\u00f1al\u00f3 que escuchar sobre la muerte desde un punto de vista cristiano era saludable, porque \u00abtodos tenemos que morir\u00bb alg\u00fan d\u00eda. Otra dijo que no pod\u00eda expresar cu\u00e1nto la hab\u00eda alentado el testimonio de ellos sobre su confianza en Dios.<\/p>\n\n\n\n<p>Aunque \u00e9l sent\u00eda a veces dolores insoportables, compart\u00edan su historia para demostrar c\u00f3mo los sosten\u00eda Dios. Sab\u00edan que su testimonio dar\u00eda frutos para \u00c9l, evocando las palabras de Pablo \u2014en su sufrimiento\u2014 a Timoteo: \u00abyo s\u00e9 a qui\u00e9n he cre\u00eddo, y estoy seguro que es poderoso para guardar mi dep\u00f3sito para aquel d\u00eda\u00bb (2 Timoteo 1:12).<\/p>\n\n\n\n<p>Dios puede usar aun la muerte de un ser amado para fortalecer nuestra fe (y la de otros) en \u00c9l por la gracia que recibimos en Cristo Jes\u00fas (v. 9). Si est\u00e1s experimentando angustia y dificultades, recuerda que \u00c9l puede darte consuelo y paz.<\/p>\n\n\n\n<p>De:\u00a0<strong>\u00a0Amy Boucher Pye<\/strong><br><strong>Fuente:<\/strong> Nuestro Pan Diario<\/p>\n\n\n\n<h3 class=\"has-very-dark-gray-color has-text-color has-text-align-center wp-block-heading\">Reflexiona y ora<\/h3>\n\n\n\n<p class=\"has-text-color has-background has-text-align-center has-medium-font-size has-very-light-gray-color has-vivid-cyan-blue-background-color\">Padre, que pueda dar testimonio de tu obra en m\u00ed. \u00bfC\u00f3mo experimentaste el gozo de Dios aun en tiempos de profunda tristeza? \u00bfDe qu\u00e9 manera puedes compartir con otros lo que aprendiste? <\/p>\n","protected":false},"excerpt":{"rendered":"<p>Cuando un hombre conocido como \u00abPap\u00e1 Juan\u00bb supo que ten\u00eda un c\u00e1ncer terminal, \u00e9l y su esposa Carolina sintieron que Dios los llamaba&#8230;<\/p>\n","protected":false},"author":1,"featured_media":3759,"comment_status":"open","ping_status":"open","sticky":false,"template":"","format":"standard","meta":{"_et_pb_use_builder":"off","_et_pb_old_content":"","_et_gb_content_width":"","footnotes":""},"categories":[1],"tags":[226,123,227,228],"class_list":["post-3758","post","type-post","status-publish","format-standard","has-post-thumbnail","hentry","category-uncategorized","tag-confianza-en-dios","tag-nuestro-pan-diario","tag-timoteo","tag-tristeza"],"_links":{"self":[{"href":"https:\/\/conican.com\/contenido\/wp-json\/wp\/v2\/posts\/3758","targetHints":{"allow":["GET"]}}],"collection":[{"href":"https:\/\/conican.com\/contenido\/wp-json\/wp\/v2\/posts"}],"about":[{"href":"https:\/\/conican.com\/contenido\/wp-json\/wp\/v2\/types\/post"}],"author":[{"embeddable":true,"href":"https:\/\/conican.com\/contenido\/wp-json\/wp\/v2\/users\/1"}],"replies":[{"embeddable":true,"href":"https:\/\/conican.com\/contenido\/wp-json\/wp\/v2\/comments?post=3758"}],"version-history":[{"count":0,"href":"https:\/\/conican.com\/contenido\/wp-json\/wp\/v2\/posts\/3758\/revisions"}],"wp:featuredmedia":[{"embeddable":true,"href":"https:\/\/conican.com\/contenido\/wp-json\/wp\/v2\/media\/3759"}],"wp:attachment":[{"href":"https:\/\/conican.com\/contenido\/wp-json\/wp\/v2\/media?parent=3758"}],"wp:term":[{"taxonomy":"category","embeddable":true,"href":"https:\/\/conican.com\/contenido\/wp-json\/wp\/v2\/categories?post=3758"},{"taxonomy":"post_tag","embeddable":true,"href":"https:\/\/conican.com\/contenido\/wp-json\/wp\/v2\/tags?post=3758"}],"curies":[{"name":"wp","href":"https:\/\/api.w.org\/{rel}","templated":true}]}}