{"id":3781,"date":"2020-07-31T11:38:44","date_gmt":"2020-07-31T16:38:44","guid":{"rendered":"https:\/\/betaniaconic.com\/?p=3781"},"modified":"2020-07-31T11:38:44","modified_gmt":"2020-07-31T16:38:44","slug":"luz-brillante","status":"publish","type":"post","link":"https:\/\/conican.com\/contenido\/2020\/07\/31\/luz-brillante\/","title":{"rendered":"Luz brillante"},"content":{"rendered":"\n<p>La Biblia en un a\u00f1o:<\/p>\n\n\n\n<ul class=\"wp-block-list\"><li><a href=\"https:\/\/www.biblegateway.com\/passage\/?version=RVR1960&amp;search=Salmos+54%E2%80%9356\" target=\"_blank\" rel=\"noreferrer noopener\">Salmos 54\u201356<\/a><\/li><li><a href=\"https:\/\/www.biblegateway.com\/passage\/?version=RVR1960&amp;search=+Romanos+3\" target=\"_blank\" rel=\"noreferrer noopener\">Romanos 3<\/a><\/li><\/ul>\n\n\n\n<blockquote class=\"wp-block-quote is-style-large is-layout-flow wp-block-quote-is-layout-flow\"><p>As\u00ed alumbre vuestra luz [\u2026], para que vean vuestras buenas obras, y glorifiquen a vuestro Padre\u2026 (v. 16).<\/p><cite> <strong>La escritura de hoy:  <\/strong><a rel=\"noreferrer noopener\" href=\"https:\/\/www.biblegateway.com\/passage\/?version=RVR1960&amp;search=Mateo+5%3A13-16\" target=\"_blank\">Mateo 5:13-16<\/a> <\/cite><\/blockquote>\n\n\n\n<p><strong>E<\/strong><strong>staba nerviosa&nbsp;<\/strong>por una clase sobre la oraci\u00f3n que iba a dar en una iglesia.&nbsp;<em>\u00bfLes gustar\u00e1 a los alumnos? \u00bfLes caer\u00e9 bien?&nbsp;<\/em>Mi ansiedad me sac\u00f3 de foco, lo cual me llev\u00f3 a exagerar en la planificaci\u00f3n, la preparaci\u00f3n de diapositivas y de hojas de ejercicios. Pero una semana antes de empezar, todav\u00eda no hab\u00eda invitado a muchos a asistir.<\/p>\n\n\n\n<p>No obstante, mientras oraba, record\u00e9 que la clase era un servicio que arrojaba luz sobre Dios. Como el Esp\u00edritu Santo la usar\u00eda para guiar a personas a nuestro Padre celestial, pude dejar de lado los nervios de hablar en p\u00fablico. Jes\u00fas les ense\u00f1\u00f3 a sus disc\u00edpulos: \u00abVosotros sois la luz del mundo; una ciudad asentada sobre un monte no se puede esconder. Ni se enciende una luz y se pone debajo de un almud, sino sobre el candelero, y alumbra a todos los que est\u00e1n en casa\u00bb (Mateo 5:14-15).<\/p>\n\n\n\n<p>Al leer esas palabras, publiqu\u00e9 un anuncio en las redes sobre la clase. Casi de inmediato, la gente, con gratitud y entusiasmo, empez\u00f3 a inscribirse. Al ver sus reacciones, reflexion\u00e9 m\u00e1s en la ense\u00f1anza de Jes\u00fas: \u00abAs\u00ed alumbre vuestra luz delante de los hombres, para que vean vuestras buenas obras, y glorifiquen a vuestro Padre que est\u00e1 en los cielos\u00bb (v. 16).<\/p>\n\n\n\n<p>Con esa perspectiva, ense\u00f1\u00e9 la clase con gozo, alentando a otros a brillar para Dios.<\/p>\n\n\n\n<p>De:\u00a0<strong>\u00a0Patricia Raybon<\/strong><br><strong>Fuente:<\/strong> Nuestro Pan Diario<\/p>\n\n\n\n<h3 class=\"has-very-dark-gray-color has-text-color wp-block-heading\">Reflexiona y ora<\/h3>\n\n\n\n<p class=\"has-text-color has-background has-text-align-center has-medium-font-size has-very-light-gray-color has-vivid-cyan-blue-background-color\">Se\u00f1or, que pueda brillar con tu luz para que otros te vean.\u00bfCu\u00e1ndo te sentiste nervioso sobre servir a Dios? \u00bfC\u00f3mo pueden estas cosas ayudar a otros y de qu\u00e9 manera puedes compartirlas?\n\n<\/p>\n","protected":false},"excerpt":{"rendered":"<p>Estaba nerviosa por una clase sobre la oraci\u00f3n que iba a dar en una iglesia. \u00bfLes gustar\u00e1 a los alumnos? \u00bfLes caer\u00e9 bien?<\/p>\n","protected":false},"author":1,"featured_media":3782,"comment_status":"open","ping_status":"open","sticky":false,"template":"","format":"standard","meta":{"_et_pb_use_builder":"off","_et_pb_old_content":"","_et_gb_content_width":"","footnotes":""},"categories":[1],"tags":[237,123,238,239],"class_list":["post-3781","post","type-post","status-publish","format-standard","has-post-thumbnail","hentry","category-uncategorized","tag-mateo-513-16","tag-nuestro-pan-diario","tag-romanos-3","tag-salmos-54-56"],"_links":{"self":[{"href":"https:\/\/conican.com\/contenido\/wp-json\/wp\/v2\/posts\/3781","targetHints":{"allow":["GET"]}}],"collection":[{"href":"https:\/\/conican.com\/contenido\/wp-json\/wp\/v2\/posts"}],"about":[{"href":"https:\/\/conican.com\/contenido\/wp-json\/wp\/v2\/types\/post"}],"author":[{"embeddable":true,"href":"https:\/\/conican.com\/contenido\/wp-json\/wp\/v2\/users\/1"}],"replies":[{"embeddable":true,"href":"https:\/\/conican.com\/contenido\/wp-json\/wp\/v2\/comments?post=3781"}],"version-history":[{"count":0,"href":"https:\/\/conican.com\/contenido\/wp-json\/wp\/v2\/posts\/3781\/revisions"}],"wp:featuredmedia":[{"embeddable":true,"href":"https:\/\/conican.com\/contenido\/wp-json\/wp\/v2\/media\/3782"}],"wp:attachment":[{"href":"https:\/\/conican.com\/contenido\/wp-json\/wp\/v2\/media?parent=3781"}],"wp:term":[{"taxonomy":"category","embeddable":true,"href":"https:\/\/conican.com\/contenido\/wp-json\/wp\/v2\/categories?post=3781"},{"taxonomy":"post_tag","embeddable":true,"href":"https:\/\/conican.com\/contenido\/wp-json\/wp\/v2\/tags?post=3781"}],"curies":[{"name":"wp","href":"https:\/\/api.w.org\/{rel}","templated":true}]}}