{"id":3807,"date":"2020-08-05T11:43:49","date_gmt":"2020-08-05T16:43:49","guid":{"rendered":"https:\/\/betaniaconic.com\/?p=3807"},"modified":"2020-08-05T11:43:49","modified_gmt":"2020-08-05T16:43:49","slug":"amado-hermoso-talentoso","status":"publish","type":"post","link":"https:\/\/conican.com\/contenido\/2020\/08\/05\/amado-hermoso-talentoso\/","title":{"rendered":"Amado, hermoso, talentoso"},"content":{"rendered":"\n<p>La Biblia en un a\u00f1o:<\/p>\n\n\n\n<ul class=\"wp-block-list\"><li><a href=\"https:\/\/www.biblegateway.com\/passage\/?version=RVR1960&amp;search=Salmos+68%E2%80%9369\" target=\"_blank\" rel=\"noreferrer noopener\">Salmos 68\u201369<\/a><\/li><li><a href=\"https:\/\/www.biblegateway.com\/passage\/?version=RVR1960&amp;search=+Romanos+8%3A1-21\" target=\"_blank\" rel=\"noreferrer noopener\">Romanos 8:1-21<\/a><\/li><\/ul>\n\n\n\n<blockquote class=\"wp-block-quote is-style-large is-layout-flow wp-block-quote-is-layout-flow\"><p>El Esp\u00edritu mismo da testimonio a nuestro esp\u00edritu, de que somos hijos de Dios (v. 16).<\/p><cite> <strong>La escritura de hoy:<\/strong><a rel=\"noreferrer noopener\" href=\"https:\/\/www.biblegateway.com\/passage\/?version=RVR1960&amp;search=Romanos+8%3A15-17+\" target=\"_blank\"> <\/a><a rel=\"noreferrer noopener\" href=\"https:\/\/www.biblegateway.com\/passage\/?version=RVR1960&amp;search=Romanos+8%3A15-17+\" target=\"_blank\">Romanos 8:15-17<\/a> <\/cite><\/blockquote>\n\n\n\n<p>De adolescente, Mauro parec\u00eda seguro de s\u00ed mismo. Pero era una m\u00e1scara. En realidad, un hogar turbulento lo dej\u00f3 temeroso, desesperado por aprobaci\u00f3n y con una err\u00f3nea sensaci\u00f3n de ser el responsable de los problemas familiares. \u00abHasta donde recuerdo \u2014dice\u2014, todas las ma\u00f1anas iba al ba\u00f1o, me miraba al espejo y me gritaba: \u201cEres est\u00fapido y horrible; todo es culpa tuya\u201d\u00bb.<\/p>\n\n\n\n<p>Su autodesprecio continu\u00f3 hasta los 21 a\u00f1os, cuando Dios le revel\u00f3 su identidad en Cristo. As\u00ed lo recuerda: \u00abMe di cuenta de que Dios me amaba incondicionalmente y que eso no cambiar\u00eda nunca. Nunca podr\u00eda comprometer a Dios, y \u00c9l nunca me rechazar\u00eda\u00bb. Con el tiempo, Mauro se mir\u00f3 al espejo y se dijo: \u00abEres amado, eres hermoso, eres talentoso; y no es tu culpa\u00bb.<\/p>\n\n\n\n<p>Su experiencia ilustra lo que el Esp\u00edritu de Dios hace al creyente en Cristo: nos libera del temor, al revelarnos cu\u00e1n profundamente somos amados (Romanos 8:15, 38-39), y nos confirma que somos hijos de Dios, con todos los beneficios que implica esta posici\u00f3n (8:16-17; 12:6-8). Como resultado, podemos comenzar a vernos correctamente, con una mente renovada (12:2-3).<\/p>\n\n\n\n<p>Hasta hoy, Mauro susurra esas palabras todos los d\u00edas, reafirmando lo que Dios le dice que es: amado, hermoso y talentoso. Y nosotros tambi\u00e9n lo somos.<\/p>\n\n\n\n<p>De:\u00a0<strong>\u00a0Sheridan Voysey<\/strong><br>Fuente: <strong>Nuestro Pan Diario<\/strong><\/p>\n\n\n\n<h3 class=\"has-very-dark-gray-color has-text-color has-text-align-center wp-block-heading\">Reflexiona y ora<\/h3>\n\n\n\n<p class=\"has-text-color has-background has-text-align-center has-medium-font-size has-very-light-gray-color has-vivid-cyan-blue-background-color\">Padre, gracias por amarme, y hacerme tu hijo y talentoso.  Que nunca deje de creerlo.<br>\u00bfQu\u00e9 palabras te vienen a la mente cuando te ves en el espejo? <br>\u00bfEn qu\u00e9 se diferencian de c\u00f3mo te ve Dios seg\u00fan las Escrituras? <\/p>\n","protected":false},"excerpt":{"rendered":"<p>De adolescente, Mauro parec\u00eda seguro de s\u00ed mismo. Pero era una m\u00e1scara&#8230;<\/p>\n","protected":false},"author":1,"featured_media":3808,"comment_status":"open","ping_status":"open","sticky":false,"template":"","format":"standard","meta":{"_et_pb_use_builder":"off","_et_pb_old_content":"","_et_gb_content_width":"","footnotes":""},"categories":[1],"tags":[123,249,250,251],"class_list":["post-3807","post","type-post","status-publish","format-standard","has-post-thumbnail","hentry","category-uncategorized","tag-nuestro-pan-diario","tag-romanos-81-21","tag-romanos-815-17","tag-salmos-68-69"],"_links":{"self":[{"href":"https:\/\/conican.com\/contenido\/wp-json\/wp\/v2\/posts\/3807","targetHints":{"allow":["GET"]}}],"collection":[{"href":"https:\/\/conican.com\/contenido\/wp-json\/wp\/v2\/posts"}],"about":[{"href":"https:\/\/conican.com\/contenido\/wp-json\/wp\/v2\/types\/post"}],"author":[{"embeddable":true,"href":"https:\/\/conican.com\/contenido\/wp-json\/wp\/v2\/users\/1"}],"replies":[{"embeddable":true,"href":"https:\/\/conican.com\/contenido\/wp-json\/wp\/v2\/comments?post=3807"}],"version-history":[{"count":0,"href":"https:\/\/conican.com\/contenido\/wp-json\/wp\/v2\/posts\/3807\/revisions"}],"wp:featuredmedia":[{"embeddable":true,"href":"https:\/\/conican.com\/contenido\/wp-json\/wp\/v2\/media\/3808"}],"wp:attachment":[{"href":"https:\/\/conican.com\/contenido\/wp-json\/wp\/v2\/media?parent=3807"}],"wp:term":[{"taxonomy":"category","embeddable":true,"href":"https:\/\/conican.com\/contenido\/wp-json\/wp\/v2\/categories?post=3807"},{"taxonomy":"post_tag","embeddable":true,"href":"https:\/\/conican.com\/contenido\/wp-json\/wp\/v2\/tags?post=3807"}],"curies":[{"name":"wp","href":"https:\/\/api.w.org\/{rel}","templated":true}]}}