{"id":3824,"date":"2020-08-07T03:01:53","date_gmt":"2020-08-07T08:01:53","guid":{"rendered":"https:\/\/betaniaconic.com\/?p=3824"},"modified":"2020-08-07T03:01:53","modified_gmt":"2020-08-07T08:01:53","slug":"soltar","status":"publish","type":"post","link":"https:\/\/conican.com\/contenido\/2020\/08\/07\/soltar\/","title":{"rendered":"Soltar"},"content":{"rendered":"\n<p>La Biblia en un a\u00f1o:<\/p>\n\n\n\n<ul class=\"wp-block-list\"><li><a href=\"https:\/\/www.biblegateway.com\/passage\/?version=RVR1960&amp;search=Salmos+72%E2%80%9373\" target=\"_blank\" rel=\"noreferrer noopener\">Salmos 72\u201373<\/a><\/li><li><a href=\"https:\/\/www.biblegateway.com\/passage\/?version=RVR1960&amp;search=+Romanos+9%3A1-15\" target=\"_blank\" rel=\"noreferrer noopener\">Romanos 9:1-15<\/a><\/li><\/ul>\n\n\n\n<blockquote class=\"wp-block-quote is-style-large is-layout-flow wp-block-quote-is-layout-flow\"><p>Estimada es a los ojos del Se\u00f1or la muerte de sus santos<\/p><cite>  (Salmo 116:15). <\/cite><\/blockquote>\n\n\n\n<p>\n\nLa escritura de hoy:<a href=\"https:\/\/www.biblegateway.com\/passage\/?version=RVR1960&amp;search=Juan+11%3A21-36\" target=\"_blank\" rel=\"noreferrer noopener\">Juan 11:21-36<\/a><\/p>\n\n\n\n<p>\u00abSu padre est\u00e1 muriendo activamente\u00bb, dijo la enfermera. \u00abMuriendo activamente\u00bb se refiere a la fase final del proceso de la muerte. Una frase nueva para m\u00ed, que me son\u00f3 como un viaje descendente por una calle solitaria de un solo sentido. Ese \u00faltimo d\u00eda de mi padre, sin saber si pod\u00eda o\u00edrnos, mi hermana y yo nos sentamos junto a su cama. Besamos su hermosa cabeza calva, le susurramos promesas de Dios, cantamos&nbsp;<em>Grande es tu fidelidad<\/em>&nbsp;y citamos el Salmo 23. Le dijimos que lo am\u00e1bamos y le dimos gracias por ser nuestro pap\u00e1. Sab\u00edamos que anhelaba estar con Jes\u00fas, y le dijimos que pod\u00eda irse. Decir esas palabras fue el primer doloroso paso para soltarlo. A los pocos minutos, era gozosamente recibido en su hogar celestial.<\/p>\n\n\n\n<p>El \u00faltimo adi\u00f3s a un ser amado es triste. Aun Jes\u00fas llor\u00f3 cuando su amigo L\u00e1zaro muri\u00f3 (Juan 11:35). Pero por las promesas de Dios, tenemos esperanza m\u00e1s all\u00e1 de la muerte. El Salmo 116:15 afirma que la muerte de los \u00absantos\u00bb \u2014los que pertenecen a Dios\u2014 es \u00abestimada\u00bb. Aunque mueran, volver\u00e1n a vivir.<\/p>\n\n\n\n<p>Jes\u00fas promete: \u00abYo soy la resurrecci\u00f3n y la vida; el que cree&nbsp;en m\u00ed, aunque est\u00e9 muerto, vivir\u00e1. Y todo aquel que vive y cree en&nbsp;m\u00ed, no morir\u00e1 eternamente\u00bb (Juan 11:25-26). \u00a1Qu\u00e9 consolador saber que estaremos en la presencia de Dios para siempre!<\/p>\n\n\n\n<p>De:\u00a0<strong>\u00a0Cindy Hess Kasper<\/strong><br>Fuente; <strong>Nuestro Pan Diario<\/strong><\/p>\n\n\n\n<h3 class=\"has-very-dark-gray-color has-text-color has-text-align-center wp-block-heading\">Reflexiona y ora<\/h3>\n\n\n\n<p class=\"has-text-color has-background has-text-align-center has-medium-font-size has-very-light-gray-color has-vivid-cyan-blue-background-color\">Padre, gracias por la promesa de vivir eternamente contigo.<br>\u00bfQu\u00e9 logr\u00f3 Jes\u00fas con su muerte en la cruz? \u00bfC\u00f3mo afecta su sacrificio a todo ser humano? <\/p>\n","protected":false},"excerpt":{"rendered":"<p>\u00abSu padre est\u00e1 muriendo activamente\u00bb, dijo la enfermera. \u00abMuriendo activamente\u00bb se refiere a la fase final del proceso de la muerte&#8230;<\/p>\n","protected":false},"author":1,"featured_media":3825,"comment_status":"open","ping_status":"open","sticky":false,"template":"","format":"standard","meta":{"_et_pb_use_builder":"off","_et_pb_old_content":"","_et_gb_content_width":"","footnotes":""},"categories":[1],"tags":[123,257,258],"class_list":["post-3824","post","type-post","status-publish","format-standard","has-post-thumbnail","hentry","category-uncategorized","tag-nuestro-pan-diario","tag-romanos-91-15","tag-salmos-72-73"],"_links":{"self":[{"href":"https:\/\/conican.com\/contenido\/wp-json\/wp\/v2\/posts\/3824","targetHints":{"allow":["GET"]}}],"collection":[{"href":"https:\/\/conican.com\/contenido\/wp-json\/wp\/v2\/posts"}],"about":[{"href":"https:\/\/conican.com\/contenido\/wp-json\/wp\/v2\/types\/post"}],"author":[{"embeddable":true,"href":"https:\/\/conican.com\/contenido\/wp-json\/wp\/v2\/users\/1"}],"replies":[{"embeddable":true,"href":"https:\/\/conican.com\/contenido\/wp-json\/wp\/v2\/comments?post=3824"}],"version-history":[{"count":0,"href":"https:\/\/conican.com\/contenido\/wp-json\/wp\/v2\/posts\/3824\/revisions"}],"wp:featuredmedia":[{"embeddable":true,"href":"https:\/\/conican.com\/contenido\/wp-json\/wp\/v2\/media\/3825"}],"wp:attachment":[{"href":"https:\/\/conican.com\/contenido\/wp-json\/wp\/v2\/media?parent=3824"}],"wp:term":[{"taxonomy":"category","embeddable":true,"href":"https:\/\/conican.com\/contenido\/wp-json\/wp\/v2\/categories?post=3824"},{"taxonomy":"post_tag","embeddable":true,"href":"https:\/\/conican.com\/contenido\/wp-json\/wp\/v2\/tags?post=3824"}],"curies":[{"name":"wp","href":"https:\/\/api.w.org\/{rel}","templated":true}]}}