{"id":3927,"date":"2020-08-12T02:23:24","date_gmt":"2020-08-12T07:23:24","guid":{"rendered":"https:\/\/betaniaconic.com\/?p=3927"},"modified":"2020-08-12T02:23:24","modified_gmt":"2020-08-12T07:23:24","slug":"vivir-a-proposito","status":"publish","type":"post","link":"https:\/\/conican.com\/contenido\/2020\/08\/12\/vivir-a-proposito\/","title":{"rendered":"Vivir a prop\u00f3sito"},"content":{"rendered":"\n<p>La Biblia en un a\u00f1o:<\/p>\n\n\n\n<ul class=\"wp-block-list\"><li><a href=\"https:\/\/www.biblegateway.com\/passage\/?version=RVR1960&amp;search=Salmos+84%E2%80%9386\" target=\"_blank\" rel=\"noreferrer noopener\">Salmos 84\u201386<\/a><\/li><li><a href=\"https:\/\/www.biblegateway.com\/passage\/?version=RVR1960&amp;search=+Romanos+12\" target=\"_blank\" rel=\"noreferrer noopener\">Romanos 12<\/a><\/li><\/ul>\n\n\n\n<blockquote class=\"wp-block-quote is-style-large is-layout-flow wp-block-quote-is-layout-flow\"><p>\u2026\u00a0hacedlo todo para la gloria de Dios.<\/p><cite><em>(1 Corintios 10:31)<\/em><\/cite><\/blockquote>\n\n\n\n<p><strong>La escritura de hoy:<\/strong><a rel=\"noreferrer noopener\" href=\"https:\/\/www.biblegateway.com\/passage\/?version=RVR1960&amp;search=Romanos+12%3A9-21\" target=\"_blank\"> Romanos 12:9-21<\/a><\/p>\n\n\n\n<p>\u00ab\u00a1Nos vamos de vacaciones!\u00bb, le dijo entusiasmada mi esposa a nuestro nieto de tres a\u00f1os, Austin, mientras sal\u00edamos con el auto en la primera etapa de nuestro viaje. El peque\u00f1o la mir\u00f3 pensativo y respondi\u00f3: \u00abYo no voy de vacaciones. \u00a1Voy en una misi\u00f3n!\u00bb.<\/p>\n\n\n\n<p>No estamos seguros de si nuestro nieto captaba el concepto de ir \u00aben una misi\u00f3n\u00bb, pero su comentario me dio algo en qu\u00e9&nbsp;meditar mientras conduc\u00edamos hacia el aeropuerto: Al ir de&nbsp;vacaciones para tomar un descanso durante unos d\u00edas, \u00bfestoy teniendo en mente que todav\u00eda estoy \u00aben una misi\u00f3n\u00bb de vivir cada momento con y para Dios? \u00bfSigo recordando servirlo en todo lo que hago?<\/p>\n\n\n\n<p>El ap\u00f3stol Pablo alent\u00f3 a los creyentes que viv\u00edan en Roma, la capital del Imperio Romano, a mantenerse \u00abno perezosos; fervientes en esp\u00edritu, sirviendo al Se\u00f1or\u00bb (Romanos 12:11). El concepto que quer\u00eda transmitir era que la intenci\u00f3n de nuestra vida en Jes\u00fas es vivir con decisi\u00f3n y entusiasmo. Aun los momentos m\u00e1s comunes cobran nuevo significado cuando miramos expectantes a Dios y vivimos para cumplir sus prop\u00f3sitos.<\/p>\n\n\n\n<p>Cuando nos sentamos en el avi\u00f3n, or\u00e9: \u00abSe\u00f1or, soy tuyo. Ay\u00fadame a ver qu\u00e9 tienes preparado para que haga en este viaje\u00bb.<\/p>\n\n\n\n<p>\u00a1Cada d\u00eda es una misi\u00f3n con significado eterno en \u00c9l!<\/p>\n\n\n\n<p>De:\u00a0<strong>\u00a0James Banks<\/strong><br>Fuente: <strong>Nuestro Pan Diario<\/strong><\/p>\n\n\n\n<h3 class=\"has-very-dark-gray-color has-text-color has-text-align-center wp-block-heading\">Reflexiona y ora<\/h3>\n\n\n\n<p class=\"has-text-color has-background has-text-align-center has-normal-font-size has-very-light-gray-color has-vivid-cyan-blue-background-color\">Se\u00f1or, que un d\u00eda pueda o\u00edrte decir: \u00abBien, buen siervo y fiel\u00bb (Mateo 25:23).<br>\u00bfAlguna vez participaste en un viaje misionero? <br>\u00bfC\u00f3mo puedes hacer que todo en la vida tenga que ver con Dios?<\/p>\n","protected":false},"excerpt":{"rendered":"<p>\u00ab\u00a1Nos vamos de vacaciones!\u00bb, le dijo entusiasmada mi esposa a nuestro nieto de tres a\u00f1os<\/p>\n","protected":false},"author":1,"featured_media":3928,"comment_status":"open","ping_status":"open","sticky":false,"template":"","format":"standard","meta":{"_et_pb_use_builder":"off","_et_pb_old_content":"","_et_gb_content_width":"","footnotes":""},"categories":[1],"tags":[271,123,272,273],"class_list":["post-3927","post","type-post","status-publish","format-standard","has-post-thumbnail","hentry","category-uncategorized","tag-1-corintios-1031","tag-nuestro-pan-diario","tag-romanos-12","tag-salmos-84-86"],"_links":{"self":[{"href":"https:\/\/conican.com\/contenido\/wp-json\/wp\/v2\/posts\/3927","targetHints":{"allow":["GET"]}}],"collection":[{"href":"https:\/\/conican.com\/contenido\/wp-json\/wp\/v2\/posts"}],"about":[{"href":"https:\/\/conican.com\/contenido\/wp-json\/wp\/v2\/types\/post"}],"author":[{"embeddable":true,"href":"https:\/\/conican.com\/contenido\/wp-json\/wp\/v2\/users\/1"}],"replies":[{"embeddable":true,"href":"https:\/\/conican.com\/contenido\/wp-json\/wp\/v2\/comments?post=3927"}],"version-history":[{"count":0,"href":"https:\/\/conican.com\/contenido\/wp-json\/wp\/v2\/posts\/3927\/revisions"}],"wp:featuredmedia":[{"embeddable":true,"href":"https:\/\/conican.com\/contenido\/wp-json\/wp\/v2\/media\/3928"}],"wp:attachment":[{"href":"https:\/\/conican.com\/contenido\/wp-json\/wp\/v2\/media?parent=3927"}],"wp:term":[{"taxonomy":"category","embeddable":true,"href":"https:\/\/conican.com\/contenido\/wp-json\/wp\/v2\/categories?post=3927"},{"taxonomy":"post_tag","embeddable":true,"href":"https:\/\/conican.com\/contenido\/wp-json\/wp\/v2\/tags?post=3927"}],"curies":[{"name":"wp","href":"https:\/\/api.w.org\/{rel}","templated":true}]}}