{"id":4114,"date":"2020-09-03T08:39:30","date_gmt":"2020-09-03T13:39:30","guid":{"rendered":"https:\/\/betaniaconic.com\/?p=4114"},"modified":"2020-09-03T08:39:30","modified_gmt":"2020-09-03T13:39:30","slug":"temores-irracionales","status":"publish","type":"post","link":"https:\/\/conican.com\/contenido\/2020\/09\/03\/temores-irracionales\/","title":{"rendered":"Temores irracionales"},"content":{"rendered":"\n<p>La Biblia en un a\u00f1o:<\/p>\n\n\n\n<ul class=\"wp-block-list\"><li><a href=\"https:\/\/www.biblegateway.com\/passage\/?version=RVR1960&amp;search=Salmos+140%E2%80%93142\" target=\"_blank\" rel=\"noreferrer noopener\">Salmos 140\u2013142<\/a><\/li><li><a href=\"https:\/\/www.biblegateway.com\/passage\/?version=RVR1960&amp;search=+1+Corintios+14%3A1-20\" target=\"_blank\" rel=\"noreferrer noopener\">1 Corintios 14:1-20<\/a><\/li><\/ul>\n\n\n\n<blockquote class=\"wp-block-quote is-style-large is-layout-flow wp-block-quote-is-layout-flow\"><p>\u2026 yo nunca me olvidar\u00e9 de ti (v. 15).<\/p><cite><strong>La escritura de hoy:<\/strong><a rel=\"noreferrer noopener\" href=\"https:\/\/www.biblegateway.com\/passage\/?version=RVR1960&amp;search=Isa%C3%ADas+49%3A14-19\" target=\"_blank\">Isa\u00edas 49:14-19<\/a><\/cite><\/blockquote>\n\n\n\n<p>Carece de toda l\u00f3gica, pero cuando mis padres murieron en un lapso de tres meses, tem\u00eda que se olvidaran de m\u00ed. Por supuesto que ya no estaban m\u00e1s en la tierra, pero eso me dej\u00f3 una enorme incertidumbre. Era una adulta joven soltera, y me preguntaba c\u00f3mo seguir la vida sin ellos. Sinti\u00e9ndome realmente sola y solitaria, busqu\u00e9 a Dios.<\/p>\n\n\n\n<p>Una ma\u00f1ana, le cont\u00e9 al Se\u00f1or sobre mi temor irracional y mi tristeza (aunque \u00c9l ya lo sab\u00eda). El pasaje b\u00edblico del devocional que le\u00ed ese d\u00eda fue Isa\u00edas 49: \u00ab\u00bfSe olvidar\u00e1 la mujer de lo que dio a luz [\u2026]? Aunque olvide ella, yo nunca me olvidar\u00e9 de ti\u00bb (v. 15). A trav\u00e9s de Isa\u00edas, Dios le asegur\u00f3 a su pueblo que no lo hab\u00eda olvidado, y luego, prometi\u00f3 restaurarlo al enviar a su Hijo Jes\u00fas. Pero esas palabras hablaron a mi coraz\u00f3n tambi\u00e9n. Es raro que una madre o un padre se olviden de su hijo, aunque es posible. \u00bfPero Dios? De ninguna manera. \u00c9l afirm\u00f3: \u00aben las palmas de las manos te tengo esculpida\u00bb (v. 16).<\/p>\n\n\n\n<p>La respuesta de Dios podr\u00eda haberme atemorizado m\u00e1s, pero la paz que me dio saber que \u00c9l se acordaba de m\u00ed fue exactamente lo que necesitaba. Fue el comienzo de descubrir que est\u00e1 a\u00fan m\u00e1s cerca que los padres o cualquier otra persona. Y \u00c9l sabe c\u00f3mo ayudarnos en todo\u2026 incluso en los temores irracionales.<\/p>\n\n\n\n<p>De:\u00a0<strong>\u00a0Anne Cetas<\/strong><br>Fuente: <strong>Nuestro Pan Diario<\/strong><\/p>\n\n\n\n<h3 class=\"has-text-align-center has-black-color has-text-color wp-block-heading\">Reflexiona y ora<\/h3>\n\n\n\n<p class=\"has-text-align-center has-white-color has-vivid-cyan-blue-background-color has-text-color has-background has-normal-font-size\">Padre, gracias por ayudarme con mis miedos.<br>\u00bfQu\u00e9 temores enfrentas? <br>\u00bfC\u00f3mo podr\u00edas buscar la ayuda de Dios para enfrentarlos?<\/p>\n","protected":false},"excerpt":{"rendered":"<p>Carece de toda l\u00f3gica, pero cuando mis padres murieron en un lapso de tres meses, tem\u00eda que se olvidaran de m\u00ed.<\/p>\n","protected":false},"author":1,"featured_media":4115,"comment_status":"open","ping_status":"open","sticky":false,"template":"","format":"standard","meta":{"_et_pb_use_builder":"off","_et_pb_old_content":"","_et_gb_content_width":"","footnotes":""},"categories":[1],"tags":[123],"class_list":["post-4114","post","type-post","status-publish","format-standard","has-post-thumbnail","hentry","category-uncategorized","tag-nuestro-pan-diario"],"_links":{"self":[{"href":"https:\/\/conican.com\/contenido\/wp-json\/wp\/v2\/posts\/4114","targetHints":{"allow":["GET"]}}],"collection":[{"href":"https:\/\/conican.com\/contenido\/wp-json\/wp\/v2\/posts"}],"about":[{"href":"https:\/\/conican.com\/contenido\/wp-json\/wp\/v2\/types\/post"}],"author":[{"embeddable":true,"href":"https:\/\/conican.com\/contenido\/wp-json\/wp\/v2\/users\/1"}],"replies":[{"embeddable":true,"href":"https:\/\/conican.com\/contenido\/wp-json\/wp\/v2\/comments?post=4114"}],"version-history":[{"count":0,"href":"https:\/\/conican.com\/contenido\/wp-json\/wp\/v2\/posts\/4114\/revisions"}],"wp:featuredmedia":[{"embeddable":true,"href":"https:\/\/conican.com\/contenido\/wp-json\/wp\/v2\/media\/4115"}],"wp:attachment":[{"href":"https:\/\/conican.com\/contenido\/wp-json\/wp\/v2\/media?parent=4114"}],"wp:term":[{"taxonomy":"category","embeddable":true,"href":"https:\/\/conican.com\/contenido\/wp-json\/wp\/v2\/categories?post=4114"},{"taxonomy":"post_tag","embeddable":true,"href":"https:\/\/conican.com\/contenido\/wp-json\/wp\/v2\/tags?post=4114"}],"curies":[{"name":"wp","href":"https:\/\/api.w.org\/{rel}","templated":true}]}}