{"id":4190,"date":"2020-09-21T10:10:15","date_gmt":"2020-09-21T15:10:15","guid":{"rendered":"https:\/\/betaniaconic.com\/?p=4190"},"modified":"2020-09-21T10:10:15","modified_gmt":"2020-09-21T15:10:15","slug":"hacer-las-paces-con-la-afliccion","status":"publish","type":"post","link":"https:\/\/conican.com\/contenido\/2020\/09\/21\/hacer-las-paces-con-la-afliccion\/","title":{"rendered":"Hacer las paces con la aflicci\u00f3n"},"content":{"rendered":"\n<p>La Biblia en un a\u00f1o:<\/p>\n\n\n\n<ul class=\"wp-block-list\"><li><a href=\"https:\/\/www.biblegateway.com\/passage\/?version=RVR1960&amp;search=Eclesiast%C3%A9s+7%E2%80%939\" target=\"_blank\" rel=\"noreferrer noopener\">Eclesiast\u00e9s 7\u20139<\/a><\/li><li><a href=\"https:\/\/www.biblegateway.com\/passage\/?version=RVR1960&amp;search=+2+Corintios+13\" target=\"_blank\" rel=\"noreferrer noopener\">2 Corintios 13<\/a><\/li><\/ul>\n\n\n\n<blockquote class=\"wp-block-quote is-style-large is-layout-flow wp-block-quote-is-layout-flow\"><p>\u2026 En el mundo tendr\u00e9is aflicci\u00f3n; pero confiad, yo he vencido al mundo (v. 33).<\/p><cite><strong>La escritura de hoy:<\/strong><a rel=\"noreferrer noopener\" href=\"https:\/\/www.biblegateway.com\/passage\/?version=RVR1960&amp;search=Juan+16%3A25-33\" target=\"_blank\"> <\/a><a rel=\"noreferrer noopener\" href=\"https:\/\/www.biblegateway.com\/passage\/?version=RVR1960&amp;search=Juan+16%3A25-33\" target=\"_blank\">Juan 16:25-33<\/a><\/cite><\/blockquote>\n\n\n\n<p>Est\u00e1bamos llegando a casa cuando lo vi: la aguja de la temperatura del auto sub\u00eda r\u00e1pidamente. Cuando nos detuvimos, apagu\u00e9 el motor y baj\u00e9. Sal\u00eda humo del cap\u00f3 y el motor herv\u00eda. Mov\u00ed el auto unos cent\u00edmetros y encontr\u00e9 un charco abajo:&nbsp;aceite. De inmediato supe lo que hab\u00eda pasado: la junta de culata hab\u00eda estallado.<\/p>\n\n\n\n<p>Gru\u00f1\u00ed\u2026 acababa de invertir dinero en otras reparaciones costosas. \u00bfPor qu\u00e9 sale todo mal? \u2014refunfu\u00f1\u00e9 amargado\u2014. \u00bfPor qu\u00e9 las cosas no dejar\u00e1n de romperse de una buena vez?<\/p>\n\n\n\n<p>\u00bfTe identificas con esto? A veces, superamos una crisis, resolvemos un problema, saldamos una factura importante, solo para que aparezca otra. En ocasiones, esos problemas son mucho m\u00e1s grandes que un motor destruido: un diagn\u00f3stico inesperado, una muerte prematura, una p\u00e9rdida terrible.<\/p>\n\n\n\n<p>En esos momentos, anhelamos un mundo menos lleno de aflicciones. Jes\u00fas prometi\u00f3 que ese mundo est\u00e1 viniendo, pero no todav\u00eda: \u00abEn el mundo tendr\u00e9is aflicci\u00f3n; pero confiad, yo he vencido al mundo\u00bb (Juan 16:33). En ese cap\u00edtulo, hablaba de problemas graves, como la persecuci\u00f3n por la fe. Pero ense\u00f1\u00f3 que esas aflicciones no tienen la \u00faltima palabra para los que esperan en \u00c9l.<\/p>\n\n\n\n<p>Sean las aflicciones que enfrentemos grandes o peque\u00f1as, su promesa de un ma\u00f1ana mejor con \u00c9l nos alienta.<\/p>\n\n\n\n<p>De:\u00a0<strong>\u00a0Adam R. Holz<\/strong><br>Fuente: <strong>Nuestro Pan Diario<\/strong><\/p>\n\n\n\n<h3 class=\"has-black-color has-text-color wp-block-heading\">Reflexiona y ora<\/h3>\n\n\n\n<p class=\"has-text-align-center has-white-color has-vivid-cyan-blue-background-color has-text-color has-background has-medium-font-size\">Padre, ay\u00fadame a confiar en ti aunque los problemas sean grandes.<br>\u00bfQu\u00e9 piensas de entregarle a Dios tus aflicciones?<br> \u00bfQu\u00e9 podr\u00edas usar como recordatorio para dejar tus ansiedades en sus manos diariamente?<\/p>\n\n\n\n<p><br><\/p>\n","protected":false},"excerpt":{"rendered":"<p>Est\u00e1bamos llegando a casa cuando lo vi: la aguja de la temperatura del auto sub\u00eda r\u00e1pidamente.<\/p>\n","protected":false},"author":1,"featured_media":4191,"comment_status":"open","ping_status":"open","sticky":false,"template":"","format":"standard","meta":{"_et_pb_use_builder":"off","_et_pb_old_content":"","_et_gb_content_width":"","footnotes":""},"categories":[1],"tags":[123],"class_list":["post-4190","post","type-post","status-publish","format-standard","has-post-thumbnail","hentry","category-uncategorized","tag-nuestro-pan-diario"],"_links":{"self":[{"href":"https:\/\/conican.com\/contenido\/wp-json\/wp\/v2\/posts\/4190","targetHints":{"allow":["GET"]}}],"collection":[{"href":"https:\/\/conican.com\/contenido\/wp-json\/wp\/v2\/posts"}],"about":[{"href":"https:\/\/conican.com\/contenido\/wp-json\/wp\/v2\/types\/post"}],"author":[{"embeddable":true,"href":"https:\/\/conican.com\/contenido\/wp-json\/wp\/v2\/users\/1"}],"replies":[{"embeddable":true,"href":"https:\/\/conican.com\/contenido\/wp-json\/wp\/v2\/comments?post=4190"}],"version-history":[{"count":0,"href":"https:\/\/conican.com\/contenido\/wp-json\/wp\/v2\/posts\/4190\/revisions"}],"wp:featuredmedia":[{"embeddable":true,"href":"https:\/\/conican.com\/contenido\/wp-json\/wp\/v2\/media\/4191"}],"wp:attachment":[{"href":"https:\/\/conican.com\/contenido\/wp-json\/wp\/v2\/media?parent=4190"}],"wp:term":[{"taxonomy":"category","embeddable":true,"href":"https:\/\/conican.com\/contenido\/wp-json\/wp\/v2\/categories?post=4190"},{"taxonomy":"post_tag","embeddable":true,"href":"https:\/\/conican.com\/contenido\/wp-json\/wp\/v2\/tags?post=4190"}],"curies":[{"name":"wp","href":"https:\/\/api.w.org\/{rel}","templated":true}]}}