{"id":4211,"date":"2020-10-27T18:01:00","date_gmt":"2020-10-28T00:01:00","guid":{"rendered":"https:\/\/betaniaconic.com\/?p=4211"},"modified":"2020-10-27T18:01:00","modified_gmt":"2020-10-28T00:01:00","slug":"escoger-la-esperanza","status":"publish","type":"post","link":"https:\/\/conican.com\/contenido\/2020\/10\/27\/escoger-la-esperanza\/","title":{"rendered":"Escoger la esperanza"},"content":{"rendered":"\n<p>La Biblia en un a\u00f1o:<\/p>\n\n\n\n<ul class=\"wp-block-list\"><li><a href=\"https:\/\/www.biblegateway.com\/passage\/?version=RVR1960&amp;search=Jerem%C3%ADas+12%E2%80%9314\" target=\"_blank\" rel=\"noreferrer noopener\">Jerem\u00edas 12\u201314<\/a><\/li><li><a href=\"https:\/\/www.biblegateway.com\/passage\/?version=RVR1960&amp;search=+2+Timoteo+1\" target=\"_blank\" rel=\"noreferrer noopener\">2 Timoteo 1<\/a><\/li><\/ul>\n\n\n\n<p>Mas yo al Se\u00f1or mirar\u00e9, esperar\u00e9 al Dios de mi salvaci\u00f3n\u2026 (v. 7).<\/p>\n\n\n\n<p><strong>La escritura de hoy:<\/strong><a rel=\"noreferrer noopener\" href=\"https:\/\/www.biblegateway.com\/passage\/?version=RVR1960&amp;search=Miqueas+7%3A2-7\" target=\"_blank\">Miqueas 7:2-7<\/a><\/p>\n\n\n\n<p>Soy una entre millones que padecen TAE [trastorno afectivo estacional], una clase de depresi\u00f3n com\u00fan en lugares con poca luz del sol por el invierno. Cuando empiezo a temer que la congelada calamidad del invierno no terminar\u00e1 nunca, busco ansiosamente evidencias de que d\u00edas m\u00e1s largos y temperaturas m\u00e1s c\u00e1lidas se acercan.<\/p>\n\n\n\n<p>Las flores que se abren camino valientemente a trav\u00e9s de los restos de nieve me recuerdan la forma en que la esperanza divina puede abrirse paso aun en nuestras \u00e9pocas m\u00e1s oscuras. El profeta Miqueas confes\u00f3 esto durante un \u00abinvierno\u00bb en su coraz\u00f3n cuando los israelitas se alejaron de Dios, diciendo que parec\u00eda no quedar \u00abninguno [\u2026] recto\u00bb (Miqueas 7:2). No obstante, aunque la situaci\u00f3n parec\u00eda tenebrosa, se neg\u00f3 a perder la esperanza. Confiaba en que Dios segu\u00eda obrando (v. 7), aun cuando, en medio de la devastaci\u00f3n, no ve\u00eda ninguna prueba.<\/p>\n\n\n\n<p>En nuestros \u00abinviernos\u00bb oscuros y aparentemente interminables, cuando la primavera parece no llegar, enfrentamos la misma lucha que Miqueas. \u00bfDesesperaremos o miraremos al Se\u00f1or y esperaremos en \u00c9l (v. 7)?<\/p>\n\n\n\n<p>Nuestra esperanza en Dios vale la pena (Romanos 5:5). \u00c9l traer\u00e1 un tiempo sin m\u00e1s \u00abinvierno\u00bb; sin dolor ni angustia (Apocalipsis 21:4).&nbsp;Hasta entonces, confesemos: \u00abMi esperanza est\u00e1 en&nbsp;ti\u00bb (Salmo 39:7).<\/p>\n\n\n\n<p>De:\u00a0<strong>\u00a0Lisa M. Samra<\/strong><br>Fuente: <strong>Nuestro Pan Diario<\/strong><\/p>\n\n\n\n<h3 class=\"has-text-align-center wp-block-heading\">Reflexiona y ora<\/h3>\n\n\n\n<p class=\"has-text-align-center has-white-color has-vivid-cyan-blue-background-color has-text-color has-background\">Padre, ay\u00fadame a no perder la esperanza.<br>\u00bfD\u00f3nde encuentras esperanza en momentos oscuros? \u00bfEn qu\u00e9 temporada \u00abinvernal\u00bb te dio Dios la esperanza que necesitabas?<\/p>\n","protected":false},"excerpt":{"rendered":"<p>Las flores que se abren camino valientemente a trav\u00e9s de los restos de nieve me recuerdan la forma en que la esperanza divina puede abrirse paso aun en nuestras \u00e9pocas m\u00e1s oscuras. <\/p>\n","protected":false},"author":1,"featured_media":4212,"comment_status":"open","ping_status":"open","sticky":false,"template":"","format":"standard","meta":{"_et_pb_use_builder":"off","_et_pb_old_content":"","_et_gb_content_width":"","footnotes":""},"categories":[1],"tags":[123],"class_list":["post-4211","post","type-post","status-publish","format-standard","has-post-thumbnail","hentry","category-uncategorized","tag-nuestro-pan-diario"],"_links":{"self":[{"href":"https:\/\/conican.com\/contenido\/wp-json\/wp\/v2\/posts\/4211","targetHints":{"allow":["GET"]}}],"collection":[{"href":"https:\/\/conican.com\/contenido\/wp-json\/wp\/v2\/posts"}],"about":[{"href":"https:\/\/conican.com\/contenido\/wp-json\/wp\/v2\/types\/post"}],"author":[{"embeddable":true,"href":"https:\/\/conican.com\/contenido\/wp-json\/wp\/v2\/users\/1"}],"replies":[{"embeddable":true,"href":"https:\/\/conican.com\/contenido\/wp-json\/wp\/v2\/comments?post=4211"}],"version-history":[{"count":0,"href":"https:\/\/conican.com\/contenido\/wp-json\/wp\/v2\/posts\/4211\/revisions"}],"wp:featuredmedia":[{"embeddable":true,"href":"https:\/\/conican.com\/contenido\/wp-json\/wp\/v2\/media\/4212"}],"wp:attachment":[{"href":"https:\/\/conican.com\/contenido\/wp-json\/wp\/v2\/media?parent=4211"}],"wp:term":[{"taxonomy":"category","embeddable":true,"href":"https:\/\/conican.com\/contenido\/wp-json\/wp\/v2\/categories?post=4211"},{"taxonomy":"post_tag","embeddable":true,"href":"https:\/\/conican.com\/contenido\/wp-json\/wp\/v2\/tags?post=4211"}],"curies":[{"name":"wp","href":"https:\/\/api.w.org\/{rel}","templated":true}]}}