{"id":4217,"date":"2020-10-25T18:05:00","date_gmt":"2020-10-26T00:05:00","guid":{"rendered":"https:\/\/betaniaconic.com\/?p=4217"},"modified":"2020-10-25T18:05:00","modified_gmt":"2020-10-26T00:05:00","slug":"esforzado-y-valiente","status":"publish","type":"post","link":"https:\/\/conican.com\/contenido\/2020\/10\/25\/esforzado-y-valiente\/","title":{"rendered":"Esforzado y valiente"},"content":{"rendered":"\n<p>La Biblia en un a\u00f1o:<\/p>\n\n\n\n<ul class=\"wp-block-list\"><li><a href=\"https:\/\/www.biblegateway.com\/passage\/?version=RVR1960&amp;search=Jerem%C3%ADas+6%E2%80%938\" target=\"_blank\" rel=\"noreferrer noopener\">Jerem\u00edas 6\u20138<\/a><\/li><li><a href=\"https:\/\/www.biblegateway.com\/passage\/?version=RVR1960&amp;search=+1+Timoteo+5\" target=\"_blank\" rel=\"noreferrer noopener\">1 Timoteo 5<\/a><\/li><\/ul>\n\n\n\n<p>\u2026 como estuve con Mois\u00e9s, estar\u00e9 contigo; no te dejar\u00e9, ni te desamparar\u00e9 (v. 5).<\/p>\n\n\n\n<p><strong>La escritura de hoy:<\/strong><a rel=\"noreferrer noopener\" href=\"https:\/\/www.biblegateway.com\/passage\/?version=RVR1960&amp;search=Josu%C3%A9+1%3A1-9\" target=\"_blank\">Josu\u00e9 1:1-9<\/a><\/p>\n\n\n\n<p>Cada noche, cuando Caleb cerraba los ojos, sent\u00eda que la oscuridad lo envolv\u00eda. Habitualmente, el silencio de su cuarto se interrump\u00eda con el crujido de su casa de madera en Costa Rica. Los murci\u00e9lagos en el \u00e1tico empezaban a volar. Su madre le hab\u00eda puesto una luz de noche, pero el ni\u00f1o segu\u00eda temi\u00e9ndole a la oscuridad. Una noche, su padre coloc\u00f3 un vers\u00edculo b\u00edblico al pie de su cama. Dec\u00eda: \u00abEsfu\u00e9rzate y s\u00e9 valiente. No temas [\u2026], que yo soy el Se\u00f1or tu Dios, y estar\u00e9 contigo\u00bb (Josu\u00e9 1:9). Caleb dej\u00f3 esa promesa de Dios en su cama hasta que fue a la&nbsp;universidad.<\/p>\n\n\n\n<p>En Josu\u00e9 1, leemos sobre el traspaso de mando a Josu\u00e9 despu\u00e9s de la muerte de Mois\u00e9s. El mandato de esforzarse y ser valientes se les repiti\u00f3 varias veces a Josu\u00e9 y a los israelitas, para enfatizar su importancia (vv. 6-7, 9). Sin duda, ante el temor de enfrentar un futuro incierto, Dios reafirm\u00f3: \u00abcomo estuve con Mois\u00e9s, estar\u00e9 contigo; no te dejar\u00e9, ni te desamparar\u00e9\u00bb (v. 5).<\/p>\n\n\n\n<p>Es natural tener miedos, pero un estado de temor constante perjudica nuestra salud f\u00edsica y espiritual. Tal como Dios alent\u00f3 a sus siervos de la antig\u00fcedad, nosotros tambi\u00e9n podemos ser fuertes y valientes por causa de Aquel que prometi\u00f3 estar siempre con nosotros.<\/p>\n\n\n\n<p>De:\u00a0<strong>\u00a0Cindy Hess Kasper<\/strong><br>Fuente: <strong>Nuestro Pan Diario<\/strong><\/p>\n\n\n\n<h3 class=\"has-text-align-center wp-block-heading\">Reflexiona y ora<\/h3>\n\n\n\n<p class=\"has-text-align-center has-white-color has-vivid-cyan-blue-background-color has-text-color has-background\">Padre fiel, gracias por estar conmigo siempre. Ay\u00fadame a recordar tus promesas y confiar en ti cuando tengo miedo.<br>\u00bfCu\u00e1les son tus temores m\u00e1s profundos y persistentes? \u00bfC\u00f3mo puede la meditaci\u00f3n en las promesas de Dios ayudarte a vencer tu temor y ansiedad?<\/p>\n","protected":false},"excerpt":{"rendered":"<p>Cada noche, cuando Caleb cerraba los ojos, sent\u00eda que la oscuridad lo envolv\u00eda.<\/p>\n","protected":false},"author":1,"featured_media":4218,"comment_status":"open","ping_status":"open","sticky":false,"template":"","format":"standard","meta":{"_et_pb_use_builder":"off","_et_pb_old_content":"","_et_gb_content_width":"","footnotes":""},"categories":[1],"tags":[123],"class_list":["post-4217","post","type-post","status-publish","format-standard","has-post-thumbnail","hentry","category-uncategorized","tag-nuestro-pan-diario"],"_links":{"self":[{"href":"https:\/\/conican.com\/contenido\/wp-json\/wp\/v2\/posts\/4217","targetHints":{"allow":["GET"]}}],"collection":[{"href":"https:\/\/conican.com\/contenido\/wp-json\/wp\/v2\/posts"}],"about":[{"href":"https:\/\/conican.com\/contenido\/wp-json\/wp\/v2\/types\/post"}],"author":[{"embeddable":true,"href":"https:\/\/conican.com\/contenido\/wp-json\/wp\/v2\/users\/1"}],"replies":[{"embeddable":true,"href":"https:\/\/conican.com\/contenido\/wp-json\/wp\/v2\/comments?post=4217"}],"version-history":[{"count":0,"href":"https:\/\/conican.com\/contenido\/wp-json\/wp\/v2\/posts\/4217\/revisions"}],"wp:featuredmedia":[{"embeddable":true,"href":"https:\/\/conican.com\/contenido\/wp-json\/wp\/v2\/media\/4218"}],"wp:attachment":[{"href":"https:\/\/conican.com\/contenido\/wp-json\/wp\/v2\/media?parent=4217"}],"wp:term":[{"taxonomy":"category","embeddable":true,"href":"https:\/\/conican.com\/contenido\/wp-json\/wp\/v2\/categories?post=4217"},{"taxonomy":"post_tag","embeddable":true,"href":"https:\/\/conican.com\/contenido\/wp-json\/wp\/v2\/tags?post=4217"}],"curies":[{"name":"wp","href":"https:\/\/api.w.org\/{rel}","templated":true}]}}