{"id":4394,"date":"2020-12-02T02:07:00","date_gmt":"2020-12-02T08:07:00","guid":{"rendered":"https:\/\/betaniaconic.com\/?p=4394"},"modified":"2020-12-02T02:07:00","modified_gmt":"2020-12-02T08:07:00","slug":"presencia-navidena","status":"publish","type":"post","link":"https:\/\/conican.com\/contenido\/2020\/12\/02\/presencia-navidena\/","title":{"rendered":"Presencia navide\u00f1a"},"content":{"rendered":"\n<p>La Biblia en un a\u00f1o:<a href=\"https:\/\/www.biblegateway.com\/passage\/?version=RVR1960&amp;search=Ezequiel+42%E2%80%9344%0A+1+Juan+1\" target=\"_blank\" rel=\"noreferrer noopener\">Ezequiel 42\u201344 1 Juan 1<\/a><\/p>\n\n\n\n<blockquote class=\"wp-block-quote is-style-large is-layout-flow wp-block-quote-is-layout-flow\"><p>\u2026 la virgen concebir\u00e1 y dar\u00e1 a luz un hijo\u2026 (v. 14).<\/p><cite><strong>La escritura de hoy: <\/strong><a rel=\"noreferrer noopener\" href=\"https:\/\/www.biblegateway.com\/passage\/?version=RVR1960&amp;search=Isa%C3%ADas+7%3A10-14\" target=\"_blank\">Isa\u00edas 7:10-14<\/a><\/cite><\/blockquote>\n\n\n\n<p class=\"has-black-color has-text-color\">\u00abNing\u00fan o\u00eddo acaso perciba su venir, mas el de humilde coraz\u00f3n le habr\u00e1 de recibir\u00bb. Estas palabras del muy amado himno de Phillips Brooks, Oh, aldehuela de Bel\u00e9n, apuntan a la esencia misma de la Navidad. Jes\u00fas vino a nuestro mundo quebrantado para rescatarnos de nuestro pecado y darles a todos los que ponen su fe en \u00c9l una relaci\u00f3n nueva y vital con Dios.<\/p>\n\n\n\n<p class=\"has-black-color has-text-color\">D\u00e9cadas despu\u00e9s de haber escrito el himno, Brooks le escribi\u00f3 una carta a un amigo, donde describe el resultado de esa relaci\u00f3n en su propia vida: \u00abNo puedo decirte cu\u00e1n personal se me torna esto. \u00c9l me conoce y yo lo conozco. No es ninguna figura del lenguaje. Es lo m\u00e1s real del mundo, y cada d\u00eda se hace m\u00e1s real. Y me maravilla pensar cu\u00e1nto aumentar\u00e1 a medida que pasen los a\u00f1os\u00bb.<\/p>\n\n\n\n<p class=\"has-black-color has-text-color\">La segura calma de la presencia de Dios en su vida refleja uno de los nombres de Jes\u00fas profetizados por Isa\u00edas: \u00abla virgen concebir\u00e1, y dar\u00e1 a luz un hijo, y llamar\u00e1 su nombre Emanuel\u00bb (Isa\u00edas 7:14). El Evangelio de Mateo nos da el significado de este nombre hebreo: \u00abDios con nosotros\u00bb (1:23).<\/p>\n\n\n\n<p class=\"has-black-color has-text-color\">Dios se acerc\u00f3 a nosotros a trav\u00e9s de Jes\u00fas, para que pudi\u00e9ramos conocerlo personalmente y estar con \u00c9l para siempre. Su amorosa presencia con nosotros es el regalo m\u00e1s maravilloso.<\/p>\n\n\n\n<p>De:&nbsp;<strong>&nbsp;James Banks<\/strong><br>Fuente: <strong>Nuestro Pan Diario<\/strong><\/p>\n\n\n\n<hr class=\"wp-block-separator\"\/>\n\n\n\n<h3 class=\"has-text-align-center has-black-color has-text-color wp-block-heading\">Reflexiona y ora<\/h3>\n\n\n\n<p class=\"has-text-align-center has-white-color has-vivid-cyan-blue-background-color has-text-color has-background has-normal-font-size\">Amado Jes\u00fas, gracias por venir a esta tierra, morir en la cruz y resucitar.<br> \u00a1Quiero vivir para ti hoy y siempre!\u00bfTe acercar\u00e1 m\u00e1s a Dios saber que te ama tanto que quiere estar contigo siempre?<\/p>\n","protected":false},"excerpt":{"rendered":"<p>\u2026 la virgen concebir\u00e1 y dar\u00e1 a luz un hijo\u2026<\/p>\n","protected":false},"author":1,"featured_media":4395,"comment_status":"open","ping_status":"open","sticky":false,"template":"","format":"standard","meta":{"_et_pb_use_builder":"off","_et_pb_old_content":"","_et_gb_content_width":"","footnotes":""},"categories":[1],"tags":[123],"class_list":["post-4394","post","type-post","status-publish","format-standard","has-post-thumbnail","hentry","category-uncategorized","tag-nuestro-pan-diario"],"_links":{"self":[{"href":"https:\/\/conican.com\/contenido\/wp-json\/wp\/v2\/posts\/4394","targetHints":{"allow":["GET"]}}],"collection":[{"href":"https:\/\/conican.com\/contenido\/wp-json\/wp\/v2\/posts"}],"about":[{"href":"https:\/\/conican.com\/contenido\/wp-json\/wp\/v2\/types\/post"}],"author":[{"embeddable":true,"href":"https:\/\/conican.com\/contenido\/wp-json\/wp\/v2\/users\/1"}],"replies":[{"embeddable":true,"href":"https:\/\/conican.com\/contenido\/wp-json\/wp\/v2\/comments?post=4394"}],"version-history":[{"count":0,"href":"https:\/\/conican.com\/contenido\/wp-json\/wp\/v2\/posts\/4394\/revisions"}],"wp:featuredmedia":[{"embeddable":true,"href":"https:\/\/conican.com\/contenido\/wp-json\/wp\/v2\/media\/4395"}],"wp:attachment":[{"href":"https:\/\/conican.com\/contenido\/wp-json\/wp\/v2\/media?parent=4394"}],"wp:term":[{"taxonomy":"category","embeddable":true,"href":"https:\/\/conican.com\/contenido\/wp-json\/wp\/v2\/categories?post=4394"},{"taxonomy":"post_tag","embeddable":true,"href":"https:\/\/conican.com\/contenido\/wp-json\/wp\/v2\/tags?post=4394"}],"curies":[{"name":"wp","href":"https:\/\/api.w.org\/{rel}","templated":true}]}}