{"id":4413,"date":"2020-12-07T00:01:00","date_gmt":"2020-12-07T06:01:00","guid":{"rendered":"https:\/\/betaniaconic.com\/?p=4413"},"modified":"2020-12-07T00:01:00","modified_gmt":"2020-12-07T06:01:00","slug":"oracion-del-abatido","status":"publish","type":"post","link":"https:\/\/conican.com\/contenido\/2020\/12\/07\/oracion-del-abatido\/","title":{"rendered":"Oraci\u00f3n del abatido"},"content":{"rendered":"\n<p>La Biblia en un a\u00f1o: <a rel=\"noreferrer noopener\" href=\"https:\/\/www.biblegateway.com\/passage\/?version=RVR1960&amp;search=Daniel+5%E2%80%937%0A+2+Juan\" target=\"_blank\">Daniel 5\u20137 2 Juan<\/a><\/p>\n\n\n\n<blockquote class=\"wp-block-quote is-style-large is-layout-flow wp-block-quote-is-layout-flow\"><p>Ay\u00fadame, Se\u00f1or Dios m\u00edo\u2026 (v. 26).<\/p><cite><em>La escritura de hoy: <\/em><a rel=\"noreferrer noopener\" href=\"https:\/\/www.biblegateway.com\/passage\/?version=RVR1960&amp;search=Salmo+109%3A21-27\" target=\"_blank\">Salmo 109:21-27<\/a><\/cite><\/blockquote>\n\n\n\n<p class=\"has-drop-cap\">Querido Padre celestial, no soy un hombre de oraci\u00f3n, pero si est\u00e1s all\u00ed arriba y puedes o\u00edrme, mu\u00e9strame el camino. No puedo m\u00e1s\u00bb. Esta es la oraci\u00f3n que susurra el quebrantado George Bailey, el personaje representado por Jimmy Stewart en el cl\u00e1sico filme Qu\u00e9 bello es vivir. En la ahora ic\u00f3nica escena, los ojos de Bailey se llenan de l\u00e1grimas, aunque estas no eran parte del guion. M\u00e1s tarde, dijo que al expresar esa oraci\u00f3n, \u00absinti\u00f3 la soledad y la desesperanza de aquellos que no tienen d\u00f3nde recurrir\u00bb. Eso lo conmovi\u00f3.<\/p>\n\n\n\n<p>En conclusi\u00f3n, la oraci\u00f3n de Bailey es simplemente: \u00abAy\u00fadame\u00bb. Justo lo que se expresa en el Salmo 109. David no daba m\u00e1s: \u00abafligido y necesitado\u00bb, con su \u00abcoraz\u00f3n [\u2026] herido\u00bb (v. 22), y su cuerpo consumido y desfalleciente (v. 24). Estaba declinando \u00abcomo la sombra\u00bb (v. 23) y se sent\u00eda como \u00abobjeto de oprobio\u00bb a los ojos de sus acusadores (v. 25). En su debilidad extrema, no ten\u00eda otro lugar donde acudir, y rog\u00f3 al Se\u00f1or soberano que le mostrara el camino: \u00abAy\u00fadame, Se\u00f1or Dios m\u00edo\u00bb (v. 26).<\/p>\n\n\n\n<p>Hay etapas en nuestra vida cuando la palabra \u00abquebrantado\u00bb lo dice todo. En esos momentos, puede ser dif\u00edcil saber qu\u00e9 orar, pero el Dios amoroso responder\u00e1 a nuestra sencilla plegaria por ayuda.<\/p>\n\n\n\n<p>De:\u00a0<strong>\u00a0James Banks<\/strong><br>Fuente; Nuestro Pan Diario<\/p>\n\n\n\n<hr class=\"wp-block-separator\"\/>\n\n\n\n<h3 class=\"has-text-align-center wp-block-heading\">Reflexiona y ora<\/h3>\n\n\n\n<p class=\"has-text-align-center has-white-color has-vivid-cyan-blue-background-color has-text-color has-background has-normal-font-size\">Querido Padre, en los d\u00edas dif\u00edciles, dame la fuerza para simplemente pedirte ayuda.<br>\u00bfCu\u00e1ndo fue la \u00faltima vez que te sentiste quebrantado? \u00bfC\u00f3mo podr\u00edas ayudar a un familiar o amigo que se siente as\u00ed ahora?<\/p>\n","protected":false},"excerpt":{"rendered":"<p>Ay\u00fadame, Se\u00f1or Dios m\u00edo\u2026<\/p>\n","protected":false},"author":1,"featured_media":4414,"comment_status":"open","ping_status":"open","sticky":false,"template":"","format":"standard","meta":{"_et_pb_use_builder":"off","_et_pb_old_content":"","_et_gb_content_width":"","footnotes":""},"categories":[1],"tags":[123],"class_list":["post-4413","post","type-post","status-publish","format-standard","has-post-thumbnail","hentry","category-uncategorized","tag-nuestro-pan-diario"],"_links":{"self":[{"href":"https:\/\/conican.com\/contenido\/wp-json\/wp\/v2\/posts\/4413","targetHints":{"allow":["GET"]}}],"collection":[{"href":"https:\/\/conican.com\/contenido\/wp-json\/wp\/v2\/posts"}],"about":[{"href":"https:\/\/conican.com\/contenido\/wp-json\/wp\/v2\/types\/post"}],"author":[{"embeddable":true,"href":"https:\/\/conican.com\/contenido\/wp-json\/wp\/v2\/users\/1"}],"replies":[{"embeddable":true,"href":"https:\/\/conican.com\/contenido\/wp-json\/wp\/v2\/comments?post=4413"}],"version-history":[{"count":0,"href":"https:\/\/conican.com\/contenido\/wp-json\/wp\/v2\/posts\/4413\/revisions"}],"wp:featuredmedia":[{"embeddable":true,"href":"https:\/\/conican.com\/contenido\/wp-json\/wp\/v2\/media\/4414"}],"wp:attachment":[{"href":"https:\/\/conican.com\/contenido\/wp-json\/wp\/v2\/media?parent=4413"}],"wp:term":[{"taxonomy":"category","embeddable":true,"href":"https:\/\/conican.com\/contenido\/wp-json\/wp\/v2\/categories?post=4413"},{"taxonomy":"post_tag","embeddable":true,"href":"https:\/\/conican.com\/contenido\/wp-json\/wp\/v2\/tags?post=4413"}],"curies":[{"name":"wp","href":"https:\/\/api.w.org\/{rel}","templated":true}]}}